{"id":4407,"date":"2023-01-26T13:56:29","date_gmt":"2023-01-26T13:56:29","guid":{"rendered":"https:\/\/agoranum.parisnanterre.fr\/?p=4407"},"modified":"2023-01-27T13:47:19","modified_gmt":"2023-01-27T13:47:19","slug":"laval-virtual","status":"publish","type":"post","link":"https:\/\/agoranum.parisnanterre.fr\/index.php\/2023\/01\/26\/laval-virtual\/","title":{"rendered":"La 25\u1d49 \u00e9dition du salon \u00ab\u00a0LAVAL VIRTUAL\u00a0\u00bb"},"content":{"rendered":"\n<p>Agora-Num attire votre attention sur un \u00e9v\u00e9nement qui se tiendra du <strong>12 au 16 avril 2023 \u00e0 Laval.<\/strong><\/p>\n\n\n\n<p>Ce salon sera l\u2019occasion de d\u00e9couvrir les potentialit\u00e9s de la <strong>r\u00e9alit\u00e9 virtuelle<\/strong>, de d\u00e9couvrir des projets avant-gardistes et de rencontrer des chercheurs et des professionnels du secteur.<\/p>\n\n\n\n<p><strong>\u00ab&nbsp;Laval Virtual&nbsp;\u00bb, 1er \u00e9v\u00e9nement d\u00e9di\u00e9 aux technologies Immersives (r\u00e9alit\u00e9 virtuelle, r\u00e9alit\u00e9 augment\u00e9e) rassemble depuis 1999 toute la communaut\u00e9 XR en Europe.<\/strong><\/p>\n\n\n\n<p>Apprenez \u00e0 ma\u00eetriser les technologies VR\/AR s\u00e9lectionn\u00e9es par un jury d\u2019experts international. Testez des contenus XR inspirants et des technologies \u00e9mergentes.<\/p>\n\n\n\n<p>Ce salon vous offre aussi la possibilit\u00e9 de <strong>participer \u00e0 un concours de recherche centr\u00e9 sur la r\u00e9alit\u00e9 virtuelle ReVolution #Research<\/strong> Il est ouvert \u00e0 tous les laboratoires de recherche, universit\u00e9s et\/ou d\u00e9partements de recherche des entreprises qui explorent la XR pour leurs futures applications et solutions. Depuis 2006, les projets VR \/ AR les plus innovants ont \u00e9t\u00e9 r\u00e9compens\u00e9s par un jury s\u00e9lectionn\u00e9 parmi les experts professionnels et scientifiques les plus reconnus du secteur.<\/p>\n\n\n\n<blockquote class=\"wp-block-quote is-layout-flow wp-block-quote-is-layout-flow\">\n<p><strong>Agora-Num sera au \u00ab\u00a0Laval Virtual\u00a0\u00bb le 14 avril&nbsp;2023. <\/strong>Vous \u00eates enseignant, chercheur ou personnel d&rsquo;appui de l&rsquo;Universit\u00e9 Paris Nanterre et <strong>vous souhaitez vous joindre \u00e0 nous ? <a rel=\"noreferrer noopener\" href=\"https:\/\/agoranum.parisnanterre.fr\/index.php\/formulaire-dinscription-au-salon-laval-virtual\/\" target=\"_blank\">contactez-nous ici.<\/a><\/strong>  <\/p>\n\n\n\n<p><strong>Pour en savoir plus sur le salon&nbsp;: <a href=\"https:\/\/laval-virtual.com\/\" target=\"_blank\" rel=\"noreferrer noopener\">cliquez ici.&nbsp;<\/a><\/strong><\/p>\n\n\n\n<p><strong>Pour en savoir plus sur le concours&nbsp;: <a href=\"https:\/\/laval-virtual.com\/revolution-research-call\/\" target=\"_blank\" rel=\"noreferrer noopener\">cliquez ici.<\/a><\/strong><\/p>\n<\/blockquote>\n","protected":false},"excerpt":{"rendered":"<p>Agora-Num attire votre attention sur un \u00e9v\u00e9nement qui se tiendra du 12 au 16 avril 2023 \u00e0 Laval. Ce salon sera l\u2019occasion de d\u00e9couvrir les&#8230;<\/p>\n","protected":false},"author":3,"featured_media":4397,"comment_status":"open","ping_status":"closed","sticky":false,"template":"","format":"standard","meta":{"_kad_blocks_custom_css":"","_kad_blocks_head_custom_js":"","_kad_blocks_body_custom_js":"","_kad_blocks_footer_custom_js":"","_kadence_starter_templates_imported_post":false,"_kad_post_transparent":"","_kad_post_title":"","_kad_post_layout":"","_kad_post_sidebar_id":"","_kad_post_content_style":"","_kad_post_vertical_padding":"","_kad_post_feature":"","_kad_post_feature_position":"","_kad_post_header":false,"_kad_post_footer":false,"_kad_post_classname":"","footnotes":""},"categories":[37],"tags":[],"class_list":["post-4407","post","type-post","status-publish","format-standard","has-post-thumbnail","hentry","category-actualite"],"taxonomy_info":{"category":[{"value":37,"label":"Actualit\u00e9"}]},"featured_image_src_large":["https:\/\/agoranum.parisnanterre.fr\/wp-content\/uploads\/2023\/01\/laval-virtual-revo-research-avec-le-japon-2048x1367-1-1024x684.jpeg",1024,684,true],"author_info":{"display_name":"Anass El Manaji","author_link":"https:\/\/agoranum.parisnanterre.fr\/index.php\/author\/ana2s\/"},"comment_info":0,"category_info":[{"term_id":37,"name":"Actualit\u00e9","slug":"actualite","term_group":0,"term_taxonomy_id":37,"taxonomy":"category","description":"","parent":0,"count":104,"filter":"raw","cat_ID":37,"category_count":104,"category_description":"","cat_name":"Actualit\u00e9","category_nicename":"actualite","category_parent":0}],"tag_info":false,"_links":{"self":[{"href":"https:\/\/agoranum.parisnanterre.fr\/index.php\/wp-json\/wp\/v2\/posts\/4407","targetHints":{"allow":["GET"]}}],"collection":[{"href":"https:\/\/agoranum.parisnanterre.fr\/index.php\/wp-json\/wp\/v2\/posts"}],"about":[{"href":"https:\/\/agoranum.parisnanterre.fr\/index.php\/wp-json\/wp\/v2\/types\/post"}],"author":[{"embeddable":true,"href":"https:\/\/agoranum.parisnanterre.fr\/index.php\/wp-json\/wp\/v2\/users\/3"}],"replies":[{"embeddable":true,"href":"https:\/\/agoranum.parisnanterre.fr\/index.php\/wp-json\/wp\/v2\/comments?post=4407"}],"version-history":[{"count":9,"href":"https:\/\/agoranum.parisnanterre.fr\/index.php\/wp-json\/wp\/v2\/posts\/4407\/revisions"}],"predecessor-version":[{"id":4442,"href":"https:\/\/agoranum.parisnanterre.fr\/index.php\/wp-json\/wp\/v2\/posts\/4407\/revisions\/4442"}],"wp:featuredmedia":[{"embeddable":true,"href":"https:\/\/agoranum.parisnanterre.fr\/index.php\/wp-json\/wp\/v2\/media\/4397"}],"wp:attachment":[{"href":"https:\/\/agoranum.parisnanterre.fr\/index.php\/wp-json\/wp\/v2\/media?parent=4407"}],"wp:term":[{"taxonomy":"category","embeddable":true,"href":"https:\/\/agoranum.parisnanterre.fr\/index.php\/wp-json\/wp\/v2\/categories?post=4407"},{"taxonomy":"post_tag","embeddable":true,"href":"https:\/\/agoranum.parisnanterre.fr\/index.php\/wp-json\/wp\/v2\/tags?post=4407"}],"curies":[{"name":"wp","href":"https:\/\/api.w.org\/{rel}","templated":true}]}}