{"id":6905,"date":"2024-01-10T13:45:59","date_gmt":"2024-01-10T13:45:59","guid":{"rendered":"https:\/\/agoranum.parisnanterre.fr\/?p=6905"},"modified":"2024-01-13T09:04:21","modified_gmt":"2024-01-13T09:04:21","slug":"dec","status":"publish","type":"post","link":"https:\/\/agoranum.parisnanterre.fr\/index.php\/2024\/01\/10\/dec\/","title":{"rendered":"D\u00e9couvrez de nouveaux espaces physiques d&rsquo;apprentissage innovants!"},"content":{"rendered":"\n<p>L&rsquo;UNIF vous propose un cursus de<strong> formation en ligne <\/strong>afin de d\u00e9couvrir des espaces physiques d\u2019apprentissage innovants.<\/p>\n\n\n\n<p>V\u00e9ritable enjeu pour les \u00e9tablissements d\u2019enseignement sup\u00e9rieur, les espaces physiques d&rsquo;apprentissage innovants (Learning Spaces) sont divers et soul\u00e8vent des interrogations. Active Learning Classrooms, Amphis collaboratifs, Learning Commons, Learning Centers et autres espaces transitionnels sont autant d\u2019exemples de ces espaces de nouvelle g\u00e9n\u00e9ration qui apparaissent sur les campus.<\/p>\n\n\n\n<p>Afin de d\u00e9couvrir ces diff\u00e9rents espaces physiques d&rsquo;apprentissage innovants, vous pouvez vous inscrire gratuitement \u00e0 diff\u00e9rents modules du <a href=\"https:\/\/unif.fr\/cursus-learning-spaces\/\" data-type=\"link\" data-id=\"https:\/\/unif.fr\/cursus-learning-spaces\/\" target=\"_blank\" rel=\"noreferrer noopener\">Cursus de formations leanrning spaces<\/a>.<\/p>\n\n\n\n<p>Voici les diff\u00e9rents modules propos\u00e9s :<\/p>\n\n\n\n<ul class=\"wp-block-list\">\n<li> <strong>Module 1:<\/strong>  <a href=\"https:\/\/formation.unif.eu\/fr\/catalogue-des-formations\/formation-239\/session-1237\" data-type=\"link\" data-id=\"https:\/\/formation.unif.eu\/fr\/catalogue-des-formations\/formation-239\/session-1237\" target=\"_blank\" rel=\"noreferrer noopener\">Active Learning Classrooms &amp; Amphis Collaboratifs<\/a> le&nbsp;<strong>29 avril de 10h \u00e0 12h,<\/strong><\/li>\n\n\n\n<li><strong> Module 2:<\/strong> <a href=\"https:\/\/formation.unif.eu\/fr\/catalogue-des-formations\/formation-240\/session-1238\" data-type=\"link\" data-id=\"https:\/\/formation.unif.eu\/fr\/catalogue-des-formations\/formation-240\/session-1238\" target=\"_blank\" rel=\"noreferrer noopener\">Espaces transitionnels, Learning Commons &amp; Learning Centers<\/a> le<strong>&nbsp;6 mai de 10h \u00e0 12h<\/strong>,<\/li>\n\n\n\n<li><strong>Module 3<\/strong>: <a href=\"https:\/\/formation.unif.eu\/fr\/catalogue-des-formations\/formation-241\/session-1239\" data-type=\"link\" data-id=\"https:\/\/formation.unif.eu\/fr\/catalogue-des-formations\/formation-241\/session-1239\" target=\"_blank\" rel=\"noreferrer noopener\">Pilotage des projets<\/a> le <strong>13<\/strong> <strong>mai de 10h \u00e0 12h<\/strong>,<\/li>\n\n\n\n<li><strong> Module 4<\/strong>: <a href=\"https:\/\/formation.unif.eu\/fr\/catalogue-des-formations\/formation-242\/session-1240\" data-type=\"link\" data-id=\"https:\/\/formation.unif.eu\/fr\/catalogue-des-formations\/formation-242\/session-1240\" target=\"_blank\" rel=\"noreferrer noopener\">\u00c9valuation quantitative &amp; qualitative<\/a> le<strong>&nbsp;27 mai de 10h \u00e0 12h<\/strong>,<\/li>\n\n\n\n<li><strong> Module 5<\/strong>: <a href=\"https:\/\/formation.unif.eu\/fr\/catalogue-des-formations\/formation-243\/session-1241\" data-type=\"link\" data-id=\"https:\/\/formation.unif.eu\/fr\/catalogue-des-formations\/formation-243\/session-1241\" target=\"_blank\" rel=\"noreferrer noopener\">Mobilier, Alimentation &amp; A\/V<\/a> le <strong>3 juin de 10h \u00e0 12h<\/strong>,<\/li>\n\n\n\n<li> <strong>Module 6<\/strong>: <a href=\"https:\/\/formation.unif.eu\/fr\/catalogue-des-formations\/formation-244\/session-1242\" data-type=\"link\" data-id=\"https:\/\/formation.unif.eu\/fr\/catalogue-des-formations\/formation-244\/session-1242\" target=\"_blank\" rel=\"noreferrer noopener\">Adaptation aux configurations Hybrides &amp; HyFlex<\/a> &nbsp;le <strong>10 juin de 10h \u00e0 12h<\/strong>.<\/li>\n<\/ul>\n\n\n<style>.wp-block-kadence-spacer.kt-block-spacer-6905_6650dd-fc .kt-block-spacer{height:60px;}.wp-block-kadence-spacer.kt-block-spacer-6905_6650dd-fc .kt-divider{border-top-width:1px;height:1px;border-top-color:var(--global-palette1, #3182CE);width:80%;border-top-style:solid;}<\/style>\n<div class=\"wp-block-kadence-spacer aligncenter kt-block-spacer-6905_6650dd-fc\"><div class=\"kt-block-spacer kt-block-spacer-halign-center\"><hr class=\"kt-divider\"\/><\/div><\/div>\n\n\n\n<p>Le processus d&rsquo;inscription \u00e0 suivre : <\/p>\n\n\n\n<ul class=\"wp-block-list\">\n<li>Se connecter sur le site de l&rsquo;UNIF avec son compte Paris Nanterre,<\/li>\n\n\n\n<li>Cliquer sur demande d&rsquo;inscription et remplir le formulaire ,<\/li>\n\n\n\n<li>Votre demande d&rsquo;inscription sera valid\u00e9e dans un d\u00e9lai de deux jours par l&rsquo;Universit\u00e9 Paris Nanterre.<\/li>\n<\/ul>\n","protected":false},"excerpt":{"rendered":"<p>L&rsquo;UNIF vous propose un cursus de formation en ligne afin de d\u00e9couvrir des espaces physiques d\u2019apprentissage innovants. V\u00e9ritable enjeu pour les \u00e9tablissements d\u2019enseignement sup\u00e9rieur, les&#8230;<\/p>\n","protected":false},"author":6,"featured_media":6934,"comment_status":"open","ping_status":"closed","sticky":false,"template":"","format":"standard","meta":{"_kad_blocks_custom_css":"","_kad_blocks_head_custom_js":"","_kad_blocks_body_custom_js":"","_kad_blocks_footer_custom_js":"","_kadence_starter_templates_imported_post":false,"_kad_post_transparent":"","_kad_post_title":"","_kad_post_layout":"","_kad_post_sidebar_id":"","_kad_post_content_style":"","_kad_post_vertical_padding":"","_kad_post_feature":"","_kad_post_feature_position":"","_kad_post_header":false,"_kad_post_footer":false,"_kad_post_classname":"","footnotes":""},"categories":[37,1,33],"tags":[],"class_list":["post-6905","post","type-post","status-publish","format-standard","has-post-thumbnail","hentry","category-actualite","category-lieux","category-ressources"],"taxonomy_info":{"category":[{"value":37,"label":"Actualit\u00e9"},{"value":1,"label":"Lieux"},{"value":33,"label":"Ressources"}]},"featured_image_src_large":["https:\/\/agoranum.parisnanterre.fr\/wp-content\/uploads\/2024\/01\/ls4-1024x574.png",1024,574,true],"author_info":{"display_name":"Alexandra Mouloungui","author_link":"https:\/\/agoranum.parisnanterre.fr\/index.php\/author\/moulouna\/"},"comment_info":1,"category_info":[{"term_id":37,"name":"Actualit\u00e9","slug":"actualite","term_group":0,"term_taxonomy_id":37,"taxonomy":"category","description":"","parent":0,"count":104,"filter":"raw","cat_ID":37,"category_count":104,"category_description":"","cat_name":"Actualit\u00e9","category_nicename":"actualite","category_parent":0},{"term_id":1,"name":"Lieux","slug":"lieux","term_group":0,"term_taxonomy_id":1,"taxonomy":"category","description":"","parent":0,"count":4,"filter":"raw","cat_ID":1,"category_count":4,"category_description":"","cat_name":"Lieux","category_nicename":"lieux","category_parent":0},{"term_id":33,"name":"Ressources","slug":"ressources","term_group":0,"term_taxonomy_id":33,"taxonomy":"category","description":"","parent":0,"count":30,"filter":"raw","cat_ID":33,"category_count":30,"category_description":"","cat_name":"Ressources","category_nicename":"ressources","category_parent":0}],"tag_info":false,"_links":{"self":[{"href":"https:\/\/agoranum.parisnanterre.fr\/index.php\/wp-json\/wp\/v2\/posts\/6905","targetHints":{"allow":["GET"]}}],"collection":[{"href":"https:\/\/agoranum.parisnanterre.fr\/index.php\/wp-json\/wp\/v2\/posts"}],"about":[{"href":"https:\/\/agoranum.parisnanterre.fr\/index.php\/wp-json\/wp\/v2\/types\/post"}],"author":[{"embeddable":true,"href":"https:\/\/agoranum.parisnanterre.fr\/index.php\/wp-json\/wp\/v2\/users\/6"}],"replies":[{"embeddable":true,"href":"https:\/\/agoranum.parisnanterre.fr\/index.php\/wp-json\/wp\/v2\/comments?post=6905"}],"version-history":[{"count":10,"href":"https:\/\/agoranum.parisnanterre.fr\/index.php\/wp-json\/wp\/v2\/posts\/6905\/revisions"}],"predecessor-version":[{"id":6941,"href":"https:\/\/agoranum.parisnanterre.fr\/index.php\/wp-json\/wp\/v2\/posts\/6905\/revisions\/6941"}],"wp:featuredmedia":[{"embeddable":true,"href":"https:\/\/agoranum.parisnanterre.fr\/index.php\/wp-json\/wp\/v2\/media\/6934"}],"wp:attachment":[{"href":"https:\/\/agoranum.parisnanterre.fr\/index.php\/wp-json\/wp\/v2\/media?parent=6905"}],"wp:term":[{"taxonomy":"category","embeddable":true,"href":"https:\/\/agoranum.parisnanterre.fr\/index.php\/wp-json\/wp\/v2\/categories?post=6905"},{"taxonomy":"post_tag","embeddable":true,"href":"https:\/\/agoranum.parisnanterre.fr\/index.php\/wp-json\/wp\/v2\/tags?post=6905"}],"curies":[{"name":"wp","href":"https:\/\/api.w.org\/{rel}","templated":true}]}}